[{"@context":"https:\/\/schema.org\/","@type":"Article","@id":"https:\/\/www.rogore.cz\/s-taznym-zarizenim-na-skoda-yeti-se-muzete-vypravit-na-cyklisticky-vylet-ci-dovolenou\/#Article","mainEntityOfPage":"https:\/\/www.rogore.cz\/s-taznym-zarizenim-na-skoda-yeti-se-muzete-vypravit-na-cyklisticky-vylet-ci-dovolenou\/","headline":"S ta\u017en\u00fdm za\u0159\u00edzen\u00edm na \u0160koda Yeti se m\u016f\u017eete vypravit na cyklistick\u00fd v\u00fdlet \u010di dovolenou","name":"S ta\u017en\u00fdm za\u0159\u00edzen\u00edm na \u0160koda Yeti se m\u016f\u017eete vypravit na cyklistick\u00fd v\u00fdlet \u010di dovolenou","description":"Homologovan\u00e9 ta\u017en\u00e9 za\u0159\u00edzen\u00ed na \u0160koda Yeti je p\u0159\u00ednosem pro kutily, zahr\u00e1dk\u00e1\u0159e, chata\u0159e i milovn\u00edky dobrodru\u017estv\u00ed p\u0159i cestov\u00e1n\u00ed s obytn\u00fdm karavanem. Ka\u017ed\u00fd v\u00ed, \u017ee je to","datePublished":"2021-07-31","dateModified":"2023-05-03","author":{"@type":"Person","@id":"https:\/\/www.rogore.cz\/author\/devene\/#Person","name":"devene","url":"https:\/\/www.rogore.cz\/author\/devene\/","identifier":1,"image":{"@type":"ImageObject","@id":"https:\/\/secure.gravatar.com\/avatar\/4bf629230dc34158290ba5b10491f45b3bfbba94b88af3386c3da2fed730f430?s=96&d=mm&r=g","url":"https:\/\/secure.gravatar.com\/avatar\/4bf629230dc34158290ba5b10491f45b3bfbba94b88af3386c3da2fed730f430?s=96&d=mm&r=g","height":96,"width":96}},"publisher":{"@type":"Organization","name":"rogore.cz","logo":{"@type":"ImageObject","@id":"\/logo.png","url":"\/logo.png","width":600,"height":60}},"image":{"@type":"ImageObject","@id":"https:\/\/www.rogore.cz\/wp-content\/uploads\/znak%20automobilu%20%C5%A0koda.jpg","url":"https:\/\/www.rogore.cz\/wp-content\/uploads\/znak%20automobilu%20%C5%A0koda.jpg","height":0,"width":0},"url":"https:\/\/www.rogore.cz\/s-taznym-zarizenim-na-skoda-yeti-se-muzete-vypravit-na-cyklisticky-vylet-ci-dovolenou\/","about":["Zbo\u017e\u00ed"],"wordCount":429,"articleBody":"     Homologovan\u00e9 ta\u017en\u00e9 za\u0159\u00edzen\u00ed na \u0160koda Yeti je p\u0159\u00ednosem pro kutily, zahr\u00e1dk\u00e1\u0159e, chata\u0159e i milovn\u00edky dobrodru\u017estv\u00ed p\u0159i cestov\u00e1n\u00ed s obytn\u00fdm karavanem. Ka\u017ed\u00fd v\u00ed, \u017ee je to mnoho\u00fa\u010delov\u00e1 pom\u016fcka, nezbytn\u00e1 sou\u010d\u00e1st j\u00edzdn\u00ed soupravy, ov\u0161em je tu je\u0161t\u011b jedna v\u011bc, kterou bychom v\u00e1m r\u00e1di p\u0159ipomn\u011bli. Nosi\u010d kol. Nosi\u010d\u016f bicykl\u016f existuje n\u011bkolik typ\u016f, ty nejzn\u00e1m\u011bj\u0161\u00ed jsou snad ty st\u0159e\u0161n\u00ed a na zadn\u00ed (p\u00e1t\u00e9) dve\u0159e, ov\u0161em tato \u0159e\u0161en\u00ed maj\u00ed sv\u00e1 \u00faskal\u00ed technick\u00e9ho r\u00e1zu. P\u0159edev\u0161\u00edm mohou kola v pr\u016fb\u011bhu j\u00edzdy \u010di manipulace s nimi p\u0159epadnout na karos\u00e9rii vozu nebo na n\u011bkter\u00e9 z oken a zhor\u0161uj\u00ed i j\u00edzdn\u00ed vlastnosti d\u00edky vy\u0161\u0161\u00edmu t\u011b\u017ei\u0161ti a p\u016fsoben\u00ed bo\u010dn\u00edho v\u011btru.S nosi\u010dem kol na ta\u017en\u00e9 za\u0159\u00edzen\u00ed tyto probl\u00e9my odpadaj\u00ed, nosi\u010d i kola p\u0159ipevn\u00edte \u00fapln\u011b jednodu\u0161e, v\u0161e je n\u00edzko nad zem\u00ed, na va\u0161e bicykly za j\u00edzdy vid\u00edte ve zp\u011btn\u00e9m zrc\u00e1tku a pravd\u011bpodobnost jejich p\u00e1du na karos\u00e9rii \u010di zadn\u00ed okno je minim\u00e1ln\u00ed.Poznejte Vyso\u010dinu na kolechPokud uva\u017eujete o n\u011bjak\u00e9 bezpe\u010dn\u00e9 dovolen\u00e9 i bez covidov\u00fdch restrikc\u00ed a d\u00e1v\u00e1te p\u0159ednost \u010cesk\u00e9 republice, m\u00e1me pro v\u00e1s tip, kam se s j\u00edzdn\u00edmi koly vypravit. Za\u010d\u00edt byste mohli t\u0159eba na T\u0159ebo\u0148sku, T\u0159ebo\u0148sk\u00e1 p\u00e1nev je rovinat\u00e1 a nen\u00e1ro\u010dn\u00e1 ani pro za\u010d\u00ednaj\u00edc\u00ed cyklisty a rodiny s men\u0161\u00edmi d\u011btmi. Troufnete-li si na m\u00edrn\u011b kopcovit\u00fd ter\u00e9n, m\u016f\u017eete se odtud plynule p\u0159esunout na kolech \u010di autem z T\u0159ebon\u011b do Str\u00e1\u017ee nad Ne\u017e\u00e1rkou a d\u00e1le do Nov\u00e9 Byst\u0159ice a do Slavonic.Trasu pak m\u016f\u017eete prodlou\u017eit o z\u00e1mek Da\u010dice, Tel\u010d a odtud sm\u011b\u0159ovat na Po\u010d\u00e1tky, Pelh\u0159imov a Pacov. A jste-li p\u0159\u00edznivci hornat\u011bj\u0161\u00edho j\u00edzdn\u00edho profilu, pak v\u00e1m m\u016f\u017eeme v\u0159ele doporu\u010dit \u017d\u010f\u00e1rsk\u00e9 vrchy. V troj\u00faheln\u00edku mezi \u017d\u010f\u00e1rem nad S\u00e1zavou, Svratkou a Nov\u00fdm M\u011bstem na Morav\u011b se nach\u00e1z\u00ed \u0159ada zaj\u00edmav\u00fdch cyklotras, p\u0159\u00edrodn\u00edch pam\u00e1tek a hlavn\u011b kr\u00e1sn\u00e9 v\u00fdhledy do krajiny a bo\u017esk\u00fd klid. Ubytov\u00e1n\u00ed tu lze zajistit v n\u011bkter\u00e9m z mal\u00fdch penzion\u016f v podstat\u011b celoro\u010dn\u011b.                                                                                                                                                                                                                                                                                                                                                                                          4.1\/5 - (7 votes)        "},{"@context":"https:\/\/schema.org\/","@type":"BreadcrumbList","itemListElement":[{"@type":"ListItem","position":1,"name":"S ta\u017en\u00fdm za\u0159\u00edzen\u00edm na \u0160koda Yeti se m\u016f\u017eete vypravit na cyklistick\u00fd v\u00fdlet \u010di dovolenou","item":"https:\/\/www.rogore.cz\/s-taznym-zarizenim-na-skoda-yeti-se-muzete-vypravit-na-cyklisticky-vylet-ci-dovolenou\/#breadcrumbitem"}]}]