[{"@context":"https:\/\/schema.org\/","@type":"Article","@id":"https:\/\/www.rogore.cz\/ve-vztahu-se-zamerte-v-prve-rade-na-sebe\/#Article","mainEntityOfPage":"https:\/\/www.rogore.cz\/ve-vztahu-se-zamerte-v-prve-rade-na-sebe\/","headline":"Ve vztahu se zam\u011b\u0159te v prv\u00e9 \u0159ad\u011b na sebe","name":"Ve vztahu se zam\u011b\u0159te v prv\u00e9 \u0159ad\u011b na sebe","description":"M\u00e1te pocit, \u017ee s v\u00e1mi va\u0161e druh\u00e1 polovi\u010dka takzvan\u011b nesouzn\u00ed a nejede\u00a0na stejn\u00e9 vln\u011b? Nebo \u017ee\u00a0chcete v\u00e1\u0161 vztah n\u011bkam posunout, ale ten druh\u00fd je zaseknut\u00fd","datePublished":"2021-11-10","dateModified":"2023-05-03","author":{"@type":"Person","@id":"https:\/\/www.rogore.cz\/author\/devene\/#Person","name":"devene","url":"https:\/\/www.rogore.cz\/author\/devene\/","identifier":1,"image":{"@type":"ImageObject","@id":"https:\/\/secure.gravatar.com\/avatar\/4bf629230dc34158290ba5b10491f45b3bfbba94b88af3386c3da2fed730f430?s=96&d=mm&r=g","url":"https:\/\/secure.gravatar.com\/avatar\/4bf629230dc34158290ba5b10491f45b3bfbba94b88af3386c3da2fed730f430?s=96&d=mm&r=g","height":96,"width":96}},"publisher":{"@type":"Organization","name":"rogore.cz","logo":{"@type":"ImageObject","@id":"\/logo.png","url":"\/logo.png","width":600,"height":60}},"image":{"@type":"ImageObject","@id":"https:\/\/www.rogore.cz\/wp-content\/uploads\/pexels-marcelo-chagas-2169425.jpg","url":"https:\/\/www.rogore.cz\/wp-content\/uploads\/pexels-marcelo-chagas-2169425.jpg","height":0,"width":0},"url":"https:\/\/www.rogore.cz\/ve-vztahu-se-zamerte-v-prve-rade-na-sebe\/","about":["Vztahy"],"wordCount":474,"articleBody":"M\u00e1te pocit, \u017ee s v\u00e1mi va\u0161e druh\u00e1 polovi\u010dka takzvan\u011b nesouzn\u00ed a nejede\u00a0na stejn\u00e9 vln\u011b? Nebo \u017ee\u00a0chcete v\u00e1\u0161 vztah n\u011bkam posunout, ale ten druh\u00fd je zaseknut\u00fd na jednom m\u00edst\u011b a nem\u016f\u017eete ho dostat tam, kam chcete? Mo\u017en\u00e1\u00a0v\u00e1s tr\u00e1p\u00ed jeho p\u0159\u00edstup, \u017ee se nechce nikam posouvat, \u017ee je mu dob\u0159e na jednom m\u00edst\u011b, ale vy byste cht\u011bli toho druh\u00e9ho n\u011bkam nasm\u011brovat a poskytnout ten spr\u00e1vn\u00fd vhled do jeho budouc\u00edho \u017eivota,\u00a0a p\u0159edev\u0161\u00edm va\u0161eho spole\u010dn\u00e9ho vztahu.\u00a0\u00a0Ka\u017ed\u00fd m\u00e1 sv\u016fj vlastn\u00ed \u017eivot\u00a0Svou druhou polovi\u010dku m\u00e1te bezpochyby r\u00e1di, a proto pro ni chcete to nejlep\u0161\u00ed. Chcete, aby byla spokojena nejen ve spole\u010dn\u00e9m vztahu, ale i v zam\u011bstn\u00e1n\u00ed\u00a0a v osobn\u00edm \u017eivot\u011b.\u00a0V\u0161elijak ji rad\u00edte, promlouv\u00e1te do du\u0161e mo\u017en\u00e1 i popostrk\u00e1v\u00e1 n\u011bkam, kde ji m\u00e1 b\u00fdt l\u00edp. Jen\u017ee pokud skute\u010dn\u011b m\u00e1te druh\u00e9ho r\u00e1di,\u00a0mus\u00edte ho nechat\u00a0\u017e\u00edt\u00a0jeho \u017eivot, jenom tak mu dok\u00e1\u017eete skute\u010dnou l\u00e1sku. Nep\u0159etv\u00e1\u0159ejte jej k obrazu sv\u00e9mu, ani se nijak nesna\u017ete m\u011bnit, proto\u017ee si mysl\u00edte, \u017ee je to tak pro n\u011bho spr\u00e1vn\u00e9. V\u00e1\u0161 partner \u017eije\u00a0sv\u016fj \u017eivot p\u0159esn\u011b tak, jak\u00a0je pro n\u011bho nejvhodn\u011bj\u0161\u00ed\u00a0a jak to on s\u00e1m nejl\u00e9pe um\u00ed.\u00a0\u00a0\u00dacta a respekt na prvn\u00edm m\u00edst\u011b\u00a0\u00a0Nezapom\u00ednejte na to, \u017ee ka\u017ed\u00fd \u017eijete sv\u016fj vlastn\u00ed \u017eivot podle sv\u00fdch p\u0159edstav a ot\u00e1zkou potom z\u016fst\u00e1v\u00e1, zda ho spole\u010dn\u011b dok\u00e1\u017eete sladit. Ob\u010das se mus\u00ed\u00a0p\u0159istoupit na n\u011bjak\u00e9 kompromisy, proto\u017ee nikdy to nebude podle p\u0159edstav obou. Nejd\u016fle\u017eit\u011bj\u0161\u00ed ze v\u0161eho v\u0161ak je, respektovat toho druh\u00e9ho a br\u00e1t ho v\u017edy s \u00factou.\u00a0A to znamen\u00e1, \u017ee ho mus\u00edte skute\u010dn\u011b br\u00e1t takov\u00e9ho,\u00a0jak\u00fd je. Pokud ho takov\u00e9ho neberete a chcete si ho p\u0159etvo\u0159it k obrazu sv\u00e9mu, nem\u016f\u017eete to naz\u00fdvat l\u00e1skou. A\u017e skute\u010dn\u011b druh\u00e9ho p\u0159ijmete takov\u00e9ho,\u00a0jak\u00fd je,\u00a0a p\u0159ijmete i fakt, \u017ee\u00a0je mu dob\u0159e pr\u00e1v\u011b tam kde je a \u017ee a\u017e se bude cht\u00edt posunout, dojde si k tomu s\u00e1m,\u00a0v ten moment m\u016f\u017eete b\u00fdt ve vztahu skute\u010dn\u011b \u0161\u0165astni a pro\u017e\u00edvat nezi\u0161tnou l\u00e1sku.\u00a0Zam\u011b\u0159te se teda proto hlavn\u011b na sv\u016fj \u017eivot a ne\u0159e\u0161te pouze toho druh\u00e9ho. Ka\u017ed\u00fd mus\u00ed ve vztahu voln\u011b d\u00fdchat a kdy\u017e bude m\u00edt dostatek prostoru, pak bude m\u00edt i v\u00edce prostoru pro v\u00edce l\u00e1sky.\u00a0\u00a0                                                                                                                                                                                                                                                                                                                                                                                        4.4\/5 - (5 votes)        "},{"@context":"https:\/\/schema.org\/","@type":"BreadcrumbList","itemListElement":[{"@type":"ListItem","position":1,"name":"Ve vztahu se zam\u011b\u0159te v prv\u00e9 \u0159ad\u011b na sebe","item":"https:\/\/www.rogore.cz\/ve-vztahu-se-zamerte-v-prve-rade-na-sebe\/#breadcrumbitem"}]}]